{"id":701,"date":"2025-04-12T17:38:31","date_gmt":"2025-04-12T17:38:31","guid":{"rendered":"https:\/\/revista.planagro.uy\/?p=701"},"modified":"2025-04-16T17:55:07","modified_gmt":"2025-04-16T17:55:07","slug":"herramientas-efectivas-para-un-optimo-manejo-del-pasto","status":"publish","type":"post","link":"https:\/\/revista.planagro.uy\/index.php\/2025\/04\/12\/herramientas-efectivas-para-un-optimo-manejo-del-pasto\/","title":{"rendered":"Herramientas efectivas para un \u00f3ptimo manejo del pasto"},"content":{"rendered":"\n<p>Ing. Agr. Luc\u00eda Bauer<\/p>\n\n\n\n<p>Asesora Privada<\/p>\n\n\n\n<p>Ing. Agr. Esteban Carriquiry<\/p>\n\n\n\n<p>Asesor Privado<\/p>\n\n\n\n<p><\/p>\n\n\n\n<p><strong>Medici\u00f3n de la disponibilidad de pasturas<\/strong><br>El manejo eficiente de las pasturas es esencial para los productores ganaderos, ya que garantiza la sostenibilidad y productividad de sus establecimientos. El primer paso consiste en cuantificar la biomasa disponible en diferentes momentos del a\u00f1o, lo cual puede lograrse mediante el uso de una regla calibrada para medir la altura de la pastura.<\/p>\n\n\n\n<p><strong>C\u00e1lculo del \u00cdndice del Plato Comida<\/strong><br>Una vez determinada la altura promedio de la pastura, se puede calcular el \u00cdndice del Plato de Comida (IsPC). Este \u00edndice relaciona la disponibilidad de pastura con los requerimientos de los animales, proporcionando una medida precisa sobre la adecuaci\u00f3n del \u00abplato\u00bb para satisfacer la demanda diaria de forraje.<\/p>\n\n\n\n<p><strong>Estudio de caso: Estancia Las Tres Mar\u00edas<\/strong><br>En esta estancia, las mediciones de pastura se realizaron estacionalmente durante cuatro a\u00f1os para calcular el IsPC. Por ejemplo, en invierno de 2021, una medici\u00f3n inicial de 2 cm revel\u00f3, mediante el \u00cdndice del Plato de Comida, la necesidad de reducir la carga ganadera, contrario a la estimaci\u00f3n visual del productor, que cre\u00eda que la pastura ser\u00eda suficiente para la temporada.<\/p>\n\n\n\n<p><strong>Observaci\u00f3n sobre la composici\u00f3n de especies<\/strong><br>En potreros con per\u00edodos de descanso adecuados y d\u00edas limitados de pastoreo, se observ\u00f3 un aumento en la frecuencia y vigor de especies C4, como <em>Paspalum dilatatum<\/em> y <em>Coellorachis selloana<\/em>, especialmente en verano. En campos h\u00famedos, las \u00faltimas tres mediciones primaverales mostraron una alta frecuencia de <em>Poa lanigera<\/em>, una especie invernal preferida por el ganado, pero muy sensible al manejo.<\/p>\n\n\n\n<p><strong>Ajustes en los per\u00edodos de descanso<\/strong><br>Inicialmente, se implement\u00f3 un per\u00edodo de descanso de 90 d\u00edas, que result\u00f3 insuficiente en invierno. Extenderlo a 120 d\u00edas mejor\u00f3 la salud y productividad de las pasturas.<\/p>\n\n\n\n<p><strong>Pr\u00e1cticas clave de manejo<\/strong><br>Los productores deben enfocarse en:<\/p>\n\n\n\n<ul>\n<li>Altura promedio de la pastura.<\/li>\n\n\n\n<li>Altura de entrada y salida de los animales.<\/li>\n\n\n\n<li>Per\u00edodos de ocupaci\u00f3n y descanso.<\/li>\n\n\n\n<li>Carga ganadera.<\/li>\n<\/ul>\n\n\n\n<p>Este enfoque permite tomar decisiones informadas para mejorar la resiliencia de las pasturas y la productividad ganadera.<\/p>\n\n\n\n<p><strong>Introducci\u00f3n:<\/strong><\/p>\n\n\n\n<p><strong>Caso de estudio Estancia Las Tres Mar\u00edas<\/strong><\/p>\n\n\n\n<p>Este estudio analiza tres a\u00f1os de datos en la Estancia Las Tres Mar\u00edas, enfoc\u00e1ndose en el \u00cdndice del Plato de Comida (IsPC), la altura de la pastura y la composici\u00f3n de especies. Los objetivos fueron evaluar c\u00f3mo los productores manejan la incertidumbre, se adaptan a la variabilidad y basan sus decisiones en el balance entre carga ganadera, disponibilidad de pastura, condiciones clim\u00e1ticas y pr\u00e1cticas diarias.<\/p>\n\n\n\n<p><strong>M\u00e9todos:<\/strong><br>La altura de la pastura se midi\u00f3 con una regla calibrada adaptada a las condiciones locales, aprovechando la fuerte correlaci\u00f3n entre la altura (cm) y la materia seca disponible (kg\/ha).<br>Se utiliz\u00f3 un muestreo sistem\u00e1tico para reflejar la heterogeneidad de los pastizales nativos seg\u00fan la composici\u00f3n de especies, tipo de suelo y topograf\u00eda (bajos vs. laderas). Se identificaron comunidades vegetales espec\u00edficas y se definieron rutas de muestreo.<\/p>\n\n\n\n<ul>\n<li><strong>Intervalos:<\/strong> 20 pasos entre mediciones.<\/li>\n\n\n\n<li><strong>Cantidad:<\/strong> 80 mediciones (&gt;100 ha), 40 (&lt;100 ha) y 20 en pasturas cultivadas.<br>Se realizaron mediciones estacionales (4 por a\u00f1o). Paralelamente, se calcularon los requerimientos ganaderos con base en estudios previos de consumo forrajero.<\/li>\n<\/ul>\n\n\n\n<p><strong>Resultados:<\/strong><br>El \u00cdndice del Plato de Comida (IsPC) se clasific\u00f3 en:<\/p>\n\n\n\n<ul>\n<li><strong>Zona marr\u00f3n:<\/strong> &gt;1.2. Exceso de forraje maduro.<\/li>\n\n\n\n<li><strong>Zona verde:<\/strong> 0.8-1.2. Forraje adecuado.<\/li>\n\n\n\n<li><strong>Zona amarilla:<\/strong> 0.6-0.8. Alerta por d\u00e9ficit potencial.<\/li>\n\n\n\n<li><strong>Zona roja:<\/strong> &lt;0.6. Riesgo creciente de d\u00e9ficit forrajero.<\/li>\n<\/ul>\n\n\n\n<p><\/p>\n\n\n<div class=\"wp-block-image\">\n<figure class=\"aligncenter size-full is-resized\"><img decoding=\"async\" loading=\"lazy\" src=\"https:\/\/revista.planagro.uy\/wp-content\/uploads\/2025\/04\/grafica-1-.jpg\" alt=\"\" class=\"wp-image-702\" width=\"379\" height=\"227\"\/><\/figure><\/div>\n\n<div class=\"wp-block-image\">\n<figure class=\"aligncenter size-full is-resized\"><img decoding=\"async\" loading=\"lazy\" src=\"https:\/\/revista.planagro.uy\/wp-content\/uploads\/2025\/04\/grafica-2.jpg\" alt=\"\" class=\"wp-image-703\" width=\"375\" height=\"228\"\/><\/figure><\/div>\n\n\n<p>Gr\u00e1fica 1 y 2: \u00cdndice Plato de Comida (IsPC) en cada monitoreo del proyecto en Las Tres Mar\u00edas, \u00cdndice Plato de Comida (IsPC) con el % de pasto mayor a 5 cm.<\/p>\n\n\n\n<p><strong>Discusi\u00f3n<\/strong><br>La primer gr\u00e1fica ilustra la evoluci\u00f3n del Plato de Comida en lo que dura el proyecto son sus 13 monitoreos estacionales. En oto\u00f1o 2023, se dio el menor IsPC, con solo un peque\u00f1o porcentaje de pasturas superando los 5 cm como se observa comparando ambas gr\u00e1ficas. Esto se dio en parte por la sequ\u00eda de ese a\u00f1o. En contraste, oto\u00f1o 2024 mostr\u00f3 el valor m\u00e1s alto (1.2) y un 96% de la estancia con pasturas por encima de 5 cm, gracias a lluvias favorables.<\/p>\n\n\n\n<p>El IsPC est\u00e1 fuertemente correlacionado con el porcentaje de pasturas por encima de 5 cm, un indicador clave tanto f\u00edsico como econ\u00f3mico. Este \u00edndice result\u00f3 ser una herramienta invaluable para tomar decisiones estrat\u00e9gicas en el manejo ganadero.<\/p>\n\n\n\n<p><em>Utilizaci\u00f3n de forraje y producci\u00f3n de carne<\/em><\/p>\n\n\n\n<p>La gr\u00e1fica 3 correlaciona la producci\u00f3n d ecrane con el Plato de Comida en los tres ejercicios productivos. La informaci\u00f3n sugiere que hay una relaci\u00f3n entre el Plato de Comida y la producci\u00f3n de carne.<\/p>\n\n\n\n<p>Gr\u00e1fica 3: Producci\u00f3n de carne por hect\u00e1rea e \u00cdndice de Plato de Comida (IsPC)<\/p>\n\n\n<div class=\"wp-block-image\">\n<figure class=\"aligncenter size-full is-resized\"><img decoding=\"async\" loading=\"lazy\" src=\"https:\/\/revista.planagro.uy\/wp-content\/uploads\/2025\/04\/grafica-3-.jpg\" alt=\"\" class=\"wp-image-704\" width=\"384\" height=\"229\"\/><\/figure><\/div>\n\n\n<p><strong>Observaciones sobre la composici\u00f3n de especies<\/strong><\/p>\n\n\n\n<p>Un potrero con paja mansa muy madura fue transformado mediante un manejo estrat\u00e9gico de pastoreo. Se instalaron un bebedero con suplemento proteico y 400 vacas pastorearon de forma rotativa en peque\u00f1as parcelas. Esta intervenci\u00f3n rejuveneci\u00f3 el pastizal:<\/p>\n\n\n\n<ul>\n<li>Las gram\u00edneas maduras fueron consumidas, permitiendo que la luz llegara al suelo.<\/li>\n\n\n\n<li>La colonizaci\u00f3n inicial por hierbas y malezas peque\u00f1as protegi\u00f3 el suelo.<\/li>\n\n\n\n<li>Con el tiempo, especies nativas y no nativas (como el raigr\u00e1s) prosperaron, creando un pastizal m\u00e1s diverso y productivo.<\/li>\n<\/ul>\n\n\n\n<p>El pastizal rejuvenecido ofreci\u00f3 forraje de alto contenido proteico en su estado juvenil y evolucion\u00f3 hacia una mezcla de gram\u00edneas, demostrando el potencial de convertir \u00e1reas infrautilizadas en sistemas de forraje de alta calidad mediante un manejo estrat\u00e9gico.<\/p>\n\n\n\n<p><strong>Conclusi\u00f3n<\/strong><br>El IsPC demostr\u00f3 ser esencial para medir la disponibilidad forrajera y guiar decisiones. Este caso resalta la importancia del manejo adaptativo, per\u00edodos de descanso adecuados y monitoreo constante para optimizar la producci\u00f3n de forraje y la rentabilidad ganadera.<\/p>\n","protected":false},"excerpt":{"rendered":"<p>Ing. Agr. Luc\u00eda Bauer Asesora Privada Ing. Agr. Esteban Carriquiry Asesor Privado Medici\u00f3n de la&#8230;<\/p>\n","protected":false},"author":3,"featured_media":705,"comment_status":"open","ping_status":"open","sticky":false,"template":"","format":"standard","meta":[],"categories":[26],"tags":[25],"_links":{"self":[{"href":"https:\/\/revista.planagro.uy\/index.php\/wp-json\/wp\/v2\/posts\/701"}],"collection":[{"href":"https:\/\/revista.planagro.uy\/index.php\/wp-json\/wp\/v2\/posts"}],"about":[{"href":"https:\/\/revista.planagro.uy\/index.php\/wp-json\/wp\/v2\/types\/post"}],"author":[{"embeddable":true,"href":"https:\/\/revista.planagro.uy\/index.php\/wp-json\/wp\/v2\/users\/3"}],"replies":[{"embeddable":true,"href":"https:\/\/revista.planagro.uy\/index.php\/wp-json\/wp\/v2\/comments?post=701"}],"version-history":[{"count":1,"href":"https:\/\/revista.planagro.uy\/index.php\/wp-json\/wp\/v2\/posts\/701\/revisions"}],"predecessor-version":[{"id":706,"href":"https:\/\/revista.planagro.uy\/index.php\/wp-json\/wp\/v2\/posts\/701\/revisions\/706"}],"wp:featuredmedia":[{"embeddable":true,"href":"https:\/\/revista.planagro.uy\/index.php\/wp-json\/wp\/v2\/media\/705"}],"wp:attachment":[{"href":"https:\/\/revista.planagro.uy\/index.php\/wp-json\/wp\/v2\/media?parent=701"}],"wp:term":[{"taxonomy":"category","embeddable":true,"href":"https:\/\/revista.planagro.uy\/index.php\/wp-json\/wp\/v2\/categories?post=701"},{"taxonomy":"post_tag","embeddable":true,"href":"https:\/\/revista.planagro.uy\/index.php\/wp-json\/wp\/v2\/tags?post=701"}],"curies":[{"name":"wp","href":"https:\/\/api.w.org\/{rel}","templated":true}]}}