{"id":609,"date":"2025-04-14T07:39:00","date_gmt":"2025-04-14T07:39:00","guid":{"rendered":"https:\/\/revista.planagro.uy\/?p=609"},"modified":"2025-04-14T15:12:14","modified_gmt":"2025-04-14T15:12:14","slug":"plan-agropecuario-politica-de-estado","status":"publish","type":"post","link":"https:\/\/revista.planagro.uy\/index.php\/2025\/04\/14\/plan-agropecuario-politica-de-estado\/","title":{"rendered":"Plan Agropecuario. Pol\u00edtica de Estado"},"content":{"rendered":"\n<p>Ing. Agr. Esteban Carriquiry<\/p>\n\n\n\n<p>Expresidente del Plan Agropecuario<\/p>\n\n\n\n<div style=\"height:25px\" aria-hidden=\"true\" class=\"wp-block-spacer\"><\/div>\n\n\n\n<p>El 8 de julio de 1957, hace casi 68 a\u00f1os se publica la Ley 12.394 en la que se crea el Plan Agropecuario.<\/p>\n\n\n\n<p>En dicha Ley \u201cse estructura un plan de mejoramiento t\u00e9cnico de la explotaci\u00f3n agropec<strong>uaria<\/strong>\u201d<\/p>\n\n\n\n<p>En su art\u00edculo 1\u00b0: Decl\u00e1rase de inter\u00e9s nacional la ejecuci\u00f3n de un Plan de mejoramiento t\u00e9cnico de la explotaci\u00f3n agropecuaria, que comprender\u00e1 la prestaci\u00f3n de asistencia econ\u00f3mica y t\u00e9cnica a los productores rurales, con el fin de aumentar la producci\u00f3n ganad<strong>era<\/strong>, utilizando entre otros, los siguientes m\u00e9todos:<\/p>\n\n\n\n<p>a) Aumento del n\u00famero de potreros de los establecimientos ganaderos.<\/p>\n\n\n\n<p>b) Disponibilidad adecuada de abrevaderos, sombra y abrigo para los ganados.<\/p>\n\n\n\n<p>c) Incremento de la fertilidad del suelo y la producci\u00f3n de mejores pastos por medio de abono; la siembra de especies forrajeras m\u00e1s productivas y\/o regad\u00edos.<\/p>\n\n\n\n<p>d) Utilizaci\u00f3n adecuada del crecimiento estacional del pasto, mediante un mejor manejo del pastoreo y la conservaci\u00f3n de forrajes.<\/p>\n\n\n\n<p>e) Erradicaci\u00f3n de las parasitosis y epizootias de los ganados por medio de los tratamientos y vacunaciones que la t\u00e9cnica moderna aconseja.<\/p>\n\n\n\n<p><strong>Para la direcci\u00f3n y la vigilancia en la aplicaci\u00f3n del plan, le Ley crea la \u201cComisi\u00f3n Honoraria del Plan Agropecuario\u201d<\/strong><\/p>\n\n\n\n<p>Todos quienes nacimos despu\u00e9s de esa fecha y estamos vinculados al sector agropecuario, conocemos y reconocemos al Plan Agropecuario en esa funci\u00f3n y a decenas de t\u00e9cnicos que orgullosamente han desempe\u00f1ado esa funci\u00f3n t\u00e9cnica de asesoramiento y acompa\u00f1amiento de las empresas agropecuarias, la gran mayor\u00eda de ellas, familiares.<\/p>\n\n\n\n<p>El 5 de enero de 1996 con el objetivo de sostener los principios y objetivos que durante tantos a\u00f1os vincul\u00f3 al Plan Agropecuario con el sector y como forma de mejorar y modernizar su gesti\u00f3n se crea el Instituto Plan Agropecuario mediante la ley 16.736, otorgando la figura de persona jur\u00eddica de Derecho P\u00fablico no estatal.<\/p>\n\n\n\n<p>Y establece como objetivos:<\/p>\n\n\n\n<p>Realizar actividades de extensi\u00f3n, transferencia de tecnolog\u00eda y capacitaci\u00f3n relacionadas con la producci\u00f3n agropecuaria, con la finalidad de promover el desarrollo del sector.<\/p>\n\n\n\n<p>Abarcar\u00e1 \u00e1reas tales como manejo tecnol\u00f3gico, incorporaci\u00f3n de nuevos rubros o productos, gesti\u00f3n empresarial, adecuaci\u00f3n a la demanda de los mercados, validaci\u00f3n de tecnolog\u00edas, y otras \u00e1reas de acci\u00f3n conexas.<\/p>\n\n\n\n<p>El Plan Agropecuario es dirigido desde entonces por una combinaci\u00f3n de delegados designados por el Poder Ejecutivo y otros elegidos por aquellas las organizaciones gremiales de los productores que tienen car\u00e1cter nacional.<\/p>\n\n\n\n<p>Diferentes gobiernos, de diferentes partidos pol\u00edticos, varios ministros, dos estructuras funcionales diferentes (comisi\u00f3n honoraria dependiente del MGAP e Instituto Plan Agropecuario), decenas de delegados gremiales han pasado por la direcci\u00f3n del mismo y la esencia es la misma: un conjunto de t\u00e9cnicos y funcionarios orgullosos de pertenecer, de sentirse parte, colaborando con los productores, capacitando actores, coordinando con otras organizaciones, facilitando procesos de adopci\u00f3n y adaptaci\u00f3n tecnol\u00f3gica.<\/p>\n\n\n\n<p>En los \u00faltimos a\u00f1os nos hemos preocupado por acercarnos m\u00e1s al productor, hacerlo sentir socio del plan agropecuario, generamos informaci\u00f3n y herramientas para mejorar la producci\u00f3n y la gesti\u00f3n de las empresas, pusimos foco en trabajar con m\u00e1s pasto y gestionar mejor el principal recurso forrajero que es el campo natural; tambi\u00e9n hemos promovido el trabajo grupal como forma genuina de intercambio de informaci\u00f3n y asistencia t\u00e9cnica, donde el grupo formado por 10, 12 o m\u00e1s \u201cpares\u201d debate y ayuda al productor a tomar las mejores decisiones.<\/p>\n\n\n\n<p>Nos propusimos en 2022 un ambicioso desaf\u00edo que llamamos 20 en 20 y que pretende \u201cmover la aguja de la producci\u00f3n a nivel nacional\u201d.<\/p>\n\n\n\n<p>En marzo de 2023 las nuevas autoridades, definieron que, para mover esa aguja, se trabajar\u00e1 en un ambicioso y potente plan de mejora de la cr\u00eda, especialmente al norte del Pa\u00eds que es donde se entiende est\u00e1 m\u00e1s rezagada en cuanto a resultados; y adicionalmente se trabajar\u00e1 fuerte en el control de la garrapata y la tristeza bovina.<\/p>\n\n\n\n<p>Mejora de la cr\u00eda, \u00bfse acuerdan de \u201cvaca 4\u201d, y del \u201c\u00cdndice sobre plato de comida\u201d? de trabajar con m\u00e1s pasto, de la gesti\u00f3n del pasto\u2026 bueno si a todos esos conceptos le ponemos un fuerte conjunto de t\u00e9cnicos, que trabajando cerca de los productores, agrupados estos, no tengan duda que el impacto ser\u00e1 muy bueno, medible y \u201cmoveremos la aguja\u201d\u2026<\/p>\n\n\n\n<p>Y para m\u00ed, con toda humildad lo digo, este es el rol del Plan Agropecuario, el de siempre, el de ahora y el de los pr\u00f3ximos a\u00f1os y esto es una verdadera \u00abPol\u00edtica de Estado\u00bb.<\/p>\n","protected":false},"excerpt":{"rendered":"<p>Ing. Agr. Esteban Carriquiry Expresidente del Plan Agropecuario El 8 de julio de 1957, hace&#8230;<\/p>\n","protected":false},"author":3,"featured_media":611,"comment_status":"open","ping_status":"open","sticky":false,"template":"","format":"standard","meta":[],"categories":[14],"tags":[25],"_links":{"self":[{"href":"https:\/\/revista.planagro.uy\/index.php\/wp-json\/wp\/v2\/posts\/609"}],"collection":[{"href":"https:\/\/revista.planagro.uy\/index.php\/wp-json\/wp\/v2\/posts"}],"about":[{"href":"https:\/\/revista.planagro.uy\/index.php\/wp-json\/wp\/v2\/types\/post"}],"author":[{"embeddable":true,"href":"https:\/\/revista.planagro.uy\/index.php\/wp-json\/wp\/v2\/users\/3"}],"replies":[{"embeddable":true,"href":"https:\/\/revista.planagro.uy\/index.php\/wp-json\/wp\/v2\/comments?post=609"}],"version-history":[{"count":1,"href":"https:\/\/revista.planagro.uy\/index.php\/wp-json\/wp\/v2\/posts\/609\/revisions"}],"predecessor-version":[{"id":671,"href":"https:\/\/revista.planagro.uy\/index.php\/wp-json\/wp\/v2\/posts\/609\/revisions\/671"}],"wp:featuredmedia":[{"embeddable":true,"href":"https:\/\/revista.planagro.uy\/index.php\/wp-json\/wp\/v2\/media\/611"}],"wp:attachment":[{"href":"https:\/\/revista.planagro.uy\/index.php\/wp-json\/wp\/v2\/media?parent=609"}],"wp:term":[{"taxonomy":"category","embeddable":true,"href":"https:\/\/revista.planagro.uy\/index.php\/wp-json\/wp\/v2\/categories?post=609"},{"taxonomy":"post_tag","embeddable":true,"href":"https:\/\/revista.planagro.uy\/index.php\/wp-json\/wp\/v2\/tags?post=609"}],"curies":[{"name":"wp","href":"https:\/\/api.w.org\/{rel}","templated":true}]}}