{"id":329,"date":"2024-07-15T13:07:13","date_gmt":"2024-07-15T13:07:13","guid":{"rendered":"https:\/\/revista.planagro.uy\/?p=329"},"modified":"2024-07-15T13:07:16","modified_gmt":"2024-07-15T13:07:16","slug":"el-plan-agropecuario-y-su-vocacion-de-coordinacion","status":"publish","type":"post","link":"https:\/\/revista.planagro.uy\/index.php\/2024\/07\/15\/el-plan-agropecuario-y-su-vocacion-de-coordinacion\/","title":{"rendered":"El Plan Agropecuario y su vocaci\u00f3n de coordinaci\u00f3n"},"content":{"rendered":"\n<p><\/p>\n\n\n\n<p><strong>Editorial.- &nbsp;El Plan Agropecuario y su vocaci\u00f3n de coordinaci\u00f3n<\/strong><\/p>\n\n\n\n<p>Ing. Agr. Esteban Carriquiry Mendiola<\/p>\n\n\n\n<p>Presidente del Plan Agropecuario<\/p>\n\n\n\n<p><\/p>\n\n\n\n<p><strong>Trascendente acuerdo con el Instituto Nacional de Colonizaci\u00f3n<\/strong><\/p>\n\n\n\n<p>El Plan Agropecuario desde hace muchos a\u00f1os ha estado en la \u201cmira\u201d de la institucionalidad. Por un lado, se discute su permanencia como tal, el rol de la extensi\u00f3n p\u00fablica y por otro lado se apela con frecuencia al \u201cPlan\u201d para coordinar y colaborar en muchas y variadas situaciones.<\/p>\n\n\n\n<p>El martes 9 de julio se firm\u00f3 un gran acuerdo con el Instituto Nacional de Colonizaci\u00f3n; por el mismo <strong>el Plan Agropecuario facilitar\u00e1 la capacitaci\u00f3n y la transferencia y adopci\u00f3n de tecnolog\u00eda mediante la metodolog\u00eda grupal<\/strong>; de la misma manera que funcionan hace casi 60 a\u00f1os los grupos CREA, que el MGAP ejecut\u00f3 a fines del siglo XX el programa PRONADEGA, en 2023 lanzamos el programa GRUPOS PLAN. A un a\u00f1o y poco del comienzo de la ejecuci\u00f3n de dicho programa y en momentos que estamos evaluando su progreso, acordamos con el INC la formaci\u00f3n de grupos de colonos que con el apoyo econ\u00f3mico de Colonizaci\u00f3n y el trabajo de capacitaci\u00f3n y extensi\u00f3n del Plan Agropecuario.<\/p>\n\n\n<div class=\"wp-block-image\">\n<figure class=\"alignleft size-full is-resized\"><img decoding=\"async\" loading=\"lazy\" src=\"https:\/\/revista.planagro.uy\/wp-content\/uploads\/2024\/07\/inc1.jpg\" alt=\"\" class=\"wp-image-333\" width=\"527\" height=\"347\"\/><\/figure><\/div>\n\n\n<p>Creemos que este acuerdo de trabajo marcar\u00e1 un antes y un despu\u00e9s en la pol\u00edtica de <strong>desarrollo de los productores colonos<\/strong>, <strong>facilitar\u00e1 la incorporaci\u00f3n de tecnolog\u00edas apropiadas, generar\u00e1 nuevas capacidades y fundamentalmente dotar\u00e1 a los productores de una visi\u00f3n empresarial <\/strong>necesaria para este siglo XXI que se aproxima al cuarto de siglo.<\/p>\n\n\n\n<p><\/p>\n\n\n\n<p><strong>Junto al M.E.C creando conciencia agropecuaria en nuestros j\u00f3venes<\/strong><\/p>\n\n\n\n<p><strong>El Ministerio de Educaci\u00f3n y Cultura lanz\u00f3 hace unos meses el libro de texto: \u201cNuestro Campo\u201d <\/strong>destinado a los alumnos de 8\u00b0 a\u00f1o (segundo de liceo). Al Plan Agropecuario se le asign\u00f3 la misi\u00f3n de entregar este libro (algunos miles) a cada estudiante de los liceos del Interior y UTU. En esa instancia, adem\u00e1s de entregar y presentar el libro, el t\u00e9cnico del Plan aprovecha a hablar del Plan Agropecuario, de su tarea, del rol que ha cumplido en el Pa\u00eds y en el desarrollo del sector agropecuario, en particular del sector ganadero.<\/p>\n\n\n<div class=\"wp-block-image\">\n<figure class=\"alignright size-full is-resized\"><img decoding=\"async\" loading=\"lazy\" src=\"https:\/\/revista.planagro.uy\/wp-content\/uploads\/2024\/07\/GRMGTiIXgAAzmBb.jpe\" alt=\"\" class=\"wp-image-332\" width=\"330\" height=\"440\"\/><\/figure><\/div>\n\n\n<p>\u201cNuestro Campo\u201d es una notable producci\u00f3n de la Ing. Agr\u00f3noma Rossana Dellazoppa que encara con profundidad y profesionalidad todos los aspectos de la producci\u00f3n agropecuaria, ganader\u00eda de carne, lana y leche, agricultura, forestaci\u00f3n y granja, con gran detalle. Se intenta de esta forma unir el campo y la ciudad y promover el di\u00e1logo.<\/p>\n\n\n\n<p>\u201cNuestro Campo\u201d se encuentra en su versi\u00f3n digital en:<\/p>\n\n\n\n<p><a href=\"https:\/\/bibliotecapais.ceibal.edu.uy\/info\/nuestro-campo-00034226\">https:\/\/bibliotecapais.ceibal.edu.uy\/info\/nuestro-campo-00034226<\/a> <\/p>\n\n\n\n<p>Este libro aspira llegar a un amplio p\u00fablico, urbano y rural, a toda la familia y es un buen <strong>instrumento para entender El Uruguay<\/strong>, nuestra historia, nuestra cultura, nuestra alimentaci\u00f3n, nuestra econom\u00eda, nuestra demograf\u00eda y el propio lugar que ocupamos en el mundo<\/p>\n","protected":false},"excerpt":{"rendered":"<p>Editorial.- &nbsp;El Plan Agropecuario y su vocaci\u00f3n de coordinaci\u00f3n Ing. Agr. Esteban Carriquiry Mendiola Presidente&#8230;<\/p>\n","protected":false},"author":2,"featured_media":332,"comment_status":"open","ping_status":"open","sticky":false,"template":"","format":"standard","meta":[],"categories":[14],"tags":[17],"_links":{"self":[{"href":"https:\/\/revista.planagro.uy\/index.php\/wp-json\/wp\/v2\/posts\/329"}],"collection":[{"href":"https:\/\/revista.planagro.uy\/index.php\/wp-json\/wp\/v2\/posts"}],"about":[{"href":"https:\/\/revista.planagro.uy\/index.php\/wp-json\/wp\/v2\/types\/post"}],"author":[{"embeddable":true,"href":"https:\/\/revista.planagro.uy\/index.php\/wp-json\/wp\/v2\/users\/2"}],"replies":[{"embeddable":true,"href":"https:\/\/revista.planagro.uy\/index.php\/wp-json\/wp\/v2\/comments?post=329"}],"version-history":[{"count":2,"href":"https:\/\/revista.planagro.uy\/index.php\/wp-json\/wp\/v2\/posts\/329\/revisions"}],"predecessor-version":[{"id":334,"href":"https:\/\/revista.planagro.uy\/index.php\/wp-json\/wp\/v2\/posts\/329\/revisions\/334"}],"wp:featuredmedia":[{"embeddable":true,"href":"https:\/\/revista.planagro.uy\/index.php\/wp-json\/wp\/v2\/media\/332"}],"wp:attachment":[{"href":"https:\/\/revista.planagro.uy\/index.php\/wp-json\/wp\/v2\/media?parent=329"}],"wp:term":[{"taxonomy":"category","embeddable":true,"href":"https:\/\/revista.planagro.uy\/index.php\/wp-json\/wp\/v2\/categories?post=329"},{"taxonomy":"post_tag","embeddable":true,"href":"https:\/\/revista.planagro.uy\/index.php\/wp-json\/wp\/v2\/tags?post=329"}],"curies":[{"name":"wp","href":"https:\/\/api.w.org\/{rel}","templated":true}]}}