{"id":304,"date":"2024-07-15T13:31:24","date_gmt":"2024-07-15T13:31:24","guid":{"rendered":"https:\/\/revista.planagro.uy\/?p=304"},"modified":"2024-07-15T15:04:11","modified_gmt":"2024-07-15T15:04:11","slug":"ficha-aira","status":"publish","type":"post","link":"https:\/\/revista.planagro.uy\/index.php\/2024\/07\/15\/ficha-aira\/","title":{"rendered":"Ficha: Aira"},"content":{"rendered":"\n<p><strong>Ing. Agr. Marcelo Pereira Mach\u00edn<\/strong><\/p>\n\n\n\n<p><strong>Plan Agropecuario<\/strong><\/p>\n\n\n\n<p><\/p>\n\n\n<div class=\"wp-block-image\">\n<figure class=\"alignleft size-full is-resized\"><img decoding=\"async\" loading=\"lazy\" src=\"https:\/\/revista.planagro.uy\/wp-content\/uploads\/2024\/07\/Aira-2-1.jpg\" alt=\"\" class=\"wp-image-305\" width=\"304\" height=\"365\"\/><figcaption class=\"wp-element-caption\">Planta<\/figcaption><\/figure><\/div>\n\n<div class=\"wp-block-image\">\n<figure class=\"alignleft size-full is-resized\"><img decoding=\"async\" loading=\"lazy\" src=\"https:\/\/revista.planagro.uy\/wp-content\/uploads\/2024\/07\/Aira-1-1.jpg\" alt=\"\" class=\"wp-image-306\" width=\"267\" height=\"374\"\/><figcaption class=\"wp-element-caption\">Inforecencia<\/figcaption><\/figure><\/div>\n\n\n<p><strong>Nombre com\u00fan<\/strong><\/p>\n\n\n\n<p>No tiene.<\/p>\n\n\n\n<p><strong>Nombre cient\u00edfico<\/strong><\/p>\n\n\n\n<p><em>Aira elgantissima <\/em>Schur<\/p>\n\n\n\n<p><strong>Etimolog\u00eda (significado e historia del nombre)<\/strong><\/p>\n\n\n\n<p>Nombre griego cl\u00e1sico para ciza\u00f1a (<em>Lolium temulentum<\/em>) o posiblemente otra especie de <em>Lolium<\/em>. Nombre ahora aplicado a un g\u00e9nero bastante separado.<\/p>\n\n\n\n<p><strong>Sin\u00f3nimos<\/strong><\/p>\n\n\n\n<p><em>Aira capillaris<\/em> Host, <em>Aira elegans<\/em> Willd. ex Roem. &amp; Schult.<\/p>\n\n\n\n<p><strong>Algunas caracter\u00edsticas<\/strong><\/p>\n\n\n\n<p>Planta anual, naturalizada (vino de Europa y se adapt\u00f3), habita campo secos, semilla en noviembre-diciembre.<\/p>\n\n\n\n<p>Es poco apetecible, invernal de productividad baja, y tipo productivo enano-ordinario. Indicadora de pastizales ralos de las Sierras del Este, cuenca Sedimentaria del Noreste y Centro Sur.<\/p>\n\n\n\n<p><strong>Aspectos a tener en cuenta para su identificaci\u00f3n<\/strong><\/p>\n\n\n\n<p>Planta con ca\u00f1as finas de 10 a 40 cm de altura erectas o decumbentes (paradas o acostadas), base macolla poco comprimida, hojas glabras, \u00e1speras de 1- 3 cm de longitud por 0, 5 cm, de ancho con tres a cinco nervios en la cara superior, l\u00edgula (pesta\u00f1a) membran\u00e1cea aguda de 1- 5 mm, frecuentemente hendida (partida).<\/p>\n\n\n\n<p>Inflorescencia de panoja muy laxa (floja), de 4-9 x 2-5 cm, ramas flexuosas (quiebres en zig-zag), divaricadas (ramificaciones que forman un \u00e1ngulo muy abierto, casi perpendicular, con el eje principal); pedicelos (el eje que soporta la espiguilla) &nbsp;2 a 6 veces m\u00e1s largos que las espiguillas, con el \u00e1pice (punta) abruptamente engrosado. Espiguillas de 1,6-2 mm de largo, ovadas (con forma de huevo) a oblongas, m\u00e1s largo que ancho, alargado y con los bordes paralelos).<\/p>\n\n\n\n<p><\/p>\n\n\n\n<p><strong>Material consultado<\/strong><\/p>\n\n\n\n<p class=\"has-small-font-size\">Clifford, H., Bostock, D. 2007. Etymological&nbsp; Dictionary of Grasses. Springer.<\/p>\n\n\n\n<p class=\"has-small-font-size\">Flora Argentina Plantas vasculares de la flora Argentina. 2021. &nbsp;&nbsp;&nbsp;<a href=\"https:\/\/buscador.floraargentina.edu.ar\/species\/details\/21011\/29347\">https:\/\/buscador.floraargentina.edu.ar\/species\/details\/21011\/29347<\/a><\/p>\n\n\n\n<p class=\"has-small-font-size\">&nbsp;Acceso: 6 de mayo 2024.<\/p>\n\n\n\n<p class=\"has-small-font-size\">Glosario de t\u00e9rminos bot\u00e1nicos \u2013 c\u00e1tedra de bot\u00e1nica \u2013 facultad de agronom\u00eda \u2013 UNLPAM.<\/p>\n\n\n\n<p class=\"has-small-font-size\"><a href=\"https:\/\/sistematicavegetal.weebly.com\/uploads\/8\/0\/5\/2\/8052174\/glosario_de_terminos_botanicos_facagronomaunlapa.pdf\">https:\/\/sistematicavegetal.weebly.com\/uploads\/8\/0\/5\/2\/8052174\/glosario_de_terminos_botanicos_facagronomaunlapa.pdf<\/a>&nbsp; Acceso: 6 de mayo de 2024.<\/p>\n\n\n\n<p class=\"has-small-font-size\">Instituto de Bot\u00e1nica Darwinion. Flora del Cono Sur. Cat\u00e1logo de plantas vasculares.&nbsp; <a href=\"http:\/\/www2.darwin.edu.ar\/Proyectos\/FloraArgentina\/DetalleEspecie.asp?forma=&amp;variedad=&amp;subespecie=&amp;especie=elegantissima&amp;genero=Aira&amp;espcod=21011\">http:\/\/www2.darwin.edu.ar\/Proyectos\/FloraArgentina\/DetalleEspecie.asp?forma=&amp;variedad=&amp;subespecie=&amp;especie=elegantissima&amp;genero=Aira&amp;espcod=21011<\/a><\/p>\n\n\n\n<p class=\"has-small-font-size\">Acceso: 6 de mayo de 2024.<\/p>\n\n\n\n<p class=\"has-small-font-size\">Paruelo J., Lezama F., Baeza S., Pereira M., Altesor A. 2020. CAMPO NATURAL: \u00bfes todo lo mismo? Las comunidades de pastizal natural de Uruguay. Revista INIA n\u00famero 62.<\/p>\n\n\n\n<p class=\"has-small-font-size\">Rosengurtt B. 1946. Estudios sobre praderas naturales del Uruguay. Quinta contribuci\u00f3n.<\/p>\n\n\n\n<p class=\"has-small-font-size\">Rosenrgutt B, Arrillaga B., sierra de Soriano B. 1960. Caracteres vegetativos y forrajeros de 175 gram\u00edneas del Uruguay. Revista n\u00famero 47 de la Facultad de Agronom\u00eda. Universidad de la Rep\u00fablica.<\/p>\n\n\n\n<p class=\"has-small-font-size\">Rosengurtt B., Arrillaga de Maffei B., Izaguirre de Artucio P. 1970. Gram\u00edneas uruguayas. Universidad de la Rep\u00fablica.<\/p>\n\n\n\n<p class=\"has-small-font-size\">Rosengurtt, B. 1979.Tablas de comportamiento de las especies de plantas de campos naturales en el Uruguay. 86 pp.<\/p>\n\n\n\n<p class=\"has-small-font-size\">Paruelo J., Lezama F., Baeza S., Pereira M., Altesor A. 2020. CAMPO NATURAL: \u00bfes todo lo mismo? Las comunidades de pastizal natural de Uruguay. Revista INIA n\u00famero 62.<\/p>\n\n\n\n<p class=\"has-small-font-size\">Fotograf\u00edas: \u00edNaturalist, \u00a9 boverser<\/p>\n","protected":false},"excerpt":{"rendered":"<p>Ing. Agr. Marcelo Pereira Mach\u00edn Plan Agropecuario Nombre com\u00fan No tiene. Nombre cient\u00edfico Aira elgantissima&#8230;<\/p>\n","protected":false},"author":3,"featured_media":0,"comment_status":"open","ping_status":"open","sticky":false,"template":"","format":"standard","meta":[],"categories":[4],"tags":[17],"_links":{"self":[{"href":"https:\/\/revista.planagro.uy\/index.php\/wp-json\/wp\/v2\/posts\/304"}],"collection":[{"href":"https:\/\/revista.planagro.uy\/index.php\/wp-json\/wp\/v2\/posts"}],"about":[{"href":"https:\/\/revista.planagro.uy\/index.php\/wp-json\/wp\/v2\/types\/post"}],"author":[{"embeddable":true,"href":"https:\/\/revista.planagro.uy\/index.php\/wp-json\/wp\/v2\/users\/3"}],"replies":[{"embeddable":true,"href":"https:\/\/revista.planagro.uy\/index.php\/wp-json\/wp\/v2\/comments?post=304"}],"version-history":[{"count":11,"href":"https:\/\/revista.planagro.uy\/index.php\/wp-json\/wp\/v2\/posts\/304\/revisions"}],"predecessor-version":[{"id":362,"href":"https:\/\/revista.planagro.uy\/index.php\/wp-json\/wp\/v2\/posts\/304\/revisions\/362"}],"wp:attachment":[{"href":"https:\/\/revista.planagro.uy\/index.php\/wp-json\/wp\/v2\/media?parent=304"}],"wp:term":[{"taxonomy":"category","embeddable":true,"href":"https:\/\/revista.planagro.uy\/index.php\/wp-json\/wp\/v2\/categories?post=304"},{"taxonomy":"post_tag","embeddable":true,"href":"https:\/\/revista.planagro.uy\/index.php\/wp-json\/wp\/v2\/tags?post=304"}],"curies":[{"name":"wp","href":"https:\/\/api.w.org\/{rel}","templated":true}]}}