{"id":298,"date":"2024-07-15T13:31:44","date_gmt":"2024-07-15T13:31:44","guid":{"rendered":"https:\/\/revista.planagro.uy\/?p=298"},"modified":"2024-07-16T00:03:27","modified_gmt":"2024-07-16T00:03:27","slug":"enfermedades-respiratorias-en-bovinos","status":"publish","type":"post","link":"https:\/\/revista.planagro.uy\/index.php\/2024\/07\/15\/enfermedades-respiratorias-en-bovinos\/","title":{"rendered":"Enfermedades respiratorias en bovinos"},"content":{"rendered":"\n<p><strong>Dra. Betina C\u00f3ppola<\/strong><br><strong>Plan Agropecuario<\/strong><\/p>\n\n\n\n<p><strong>Dr. Agust\u00edn Romero<\/strong><br><strong>Dilave, Treinta y Tres.<\/strong><\/p>\n\n\n\n<div style=\"height:10px\" aria-hidden=\"true\" class=\"wp-block-spacer\"><\/div>\n\n\n\n<p><em>En las enfermedades respiratorias en bovinos, (tambi\u00e9n denominado complejo respiratorio bovino) participan varios virus, bacterias y otros agentes. Causan p\u00e9rdidas econ\u00f3micas en sistemas de producci\u00f3n lechera, en recr\u00eda y engorde de vacunos de carne. La intensificaci\u00f3n de los sistemas productivos, manejos que generen estr\u00e9s, y eventos clim\u00e1ticos adversos son algunos de los factores predisponentes. Pueden prevenirse controlando factores de riesgo y con un adecuado plan sanitario.<\/em><\/p>\n\n\n\n<div style=\"height:10px\" aria-hidden=\"true\" class=\"wp-block-spacer\"><\/div>\n\n\n\n<p><strong>\u00bfQu\u00e9 es la enfermedad respiratoria en bovinos?<\/strong><\/p>\n\n\n\n<p>Es una enfermedad infecciosa y contagiosa, de curso agudo a cr\u00f3nico, que afecta al aparato respiratorio.<\/p>\n\n\n\n<p>Los agentes infecciosos, que pueden estar actuando son virus (<em>Rinotraqueitis infecciosa bovina, Diarrea Viral bovina, Parainfluenza virus y Virus sincitial respiratorio<\/em>), bacterias <em>(Pasteurella multocida, Mannheimia haemolytica, Histophilus somni<\/em> entre otras), par\u00e1sitos pulmonares (<em>Dytiocaulus viviparus<\/em>), hongos y otros agentes. Se transmiten principalmente por contacto directo entre animales infectados, por aerosoles y v\u00eda oral.<\/p>\n\n\n\n<p>Para la manifestaci\u00f3n de la enfermedad deben coincidir factores ambientales (manejo, estr\u00e9s, alimentaci\u00f3n), del individuo (edad, estado corporal e inmunitario) y la acci\u00f3n de los agentes infecciosos (virus, bacterias y par\u00e1sitos).<\/p>\n\n\n\n<div style=\"height:11px\" aria-hidden=\"true\" class=\"wp-block-spacer\"><\/div>\n\n\n\n<p><strong>\u00bfCu\u00e1les son los factores que predisponen a la aparici\u00f3n de las enfermedades respiratorias?<\/strong><\/p>\n\n\n\n<p>Dentro de los factores predisponentes est\u00e1n los manejos y\/o pr\u00e1cticas que generan estr\u00e9s en animales.<\/p>\n\n\n\n<p>El estr\u00e9s se define como la situaci\u00f3n donde el animal sale de su zona de confort, ocasionado por m\u00faltiples causas. Los animales de producci\u00f3n constantemente son sometidos a distintos cambios (en el ambiente, de lote, de alimento, arreos, encierres, etc.), lo cual crea la necesidad de que tengan que adaptarse a estos cambios, generando estr\u00e9s.<\/p>\n\n\n\n<p>Por ejemplo, para el ternero el destete, es uno de los momentos m\u00e1s estresantes en su vida, y a su vez muchas veces coincide este, con la castraci\u00f3n y\/o con el momento que son trasladados largas distancias a otros establecimientos, lo que acent\u00faa m\u00e1s el estr\u00e9s.<\/p>\n\n\n\n<p>Predisponen tambi\u00e9n las condiciones clim\u00e1ticas de oto\u00f1o e invierno, d\u00edas de temporales, con falta de abrigo en los potreros y deficiente drenaje del suelo.<\/p>\n\n\n\n<p>Otros factores predisponentes son los cambios bruscos de alimentaci\u00f3n, el polvillo de las raciones y fardos, condiciones de hacinamiento en corrales de destete o encierre o situaciones de pastoreo con alta densidad de animales, y mezcla de lotes de diferente origen.<\/p>\n\n\n\n<p>Cuando se desencadena el cuadro de la enfermedad se afectan las defensas naturales del bovino, afectando la capacidad de barrido que presentan las mucosas de las v\u00edas respiratorias que les permite eliminar part\u00edculas extra\u00f1as.<\/p>\n\n\n\n<div style=\"height:11px\" aria-hidden=\"true\" class=\"wp-block-spacer\"><\/div>\n\n\n\n<p><strong>\u00bfQu\u00e9 categor\u00edas son m\u00e1s susceptibles?<\/strong><\/p>\n\n\n\n<p>Pueden ser afectados bovinos de diferentes edades, pero los m\u00e1s susceptibles son los terneros luego del destete y durante la etapa de recr\u00eda. En los sistemas de engorde a corral (feddlot) se puede presentar durante los 2 meses del ingreso al corral.<\/p>\n\n\n\n<div style=\"height:10px\" aria-hidden=\"true\" class=\"wp-block-spacer\"><\/div>\n\n\n\n<p><strong>&nbsp;\u00bfCu\u00e1les son los s\u00edntomas?<\/strong><\/p>\n\n\n\n<p>Los animales presentan mal estado en general con inapetencia, depresi\u00f3n, cabeza y orejas ca\u00eddas, lomo arqueado, y fiebre (temperatura rectal superior a 40\u00b0)<\/p>\n\n\n<div class=\"wp-block-image\">\n<figure class=\"alignleft size-full is-resized\"><img decoding=\"async\" loading=\"lazy\" src=\"https:\/\/revista.planagro.uy\/wp-content\/uploads\/2024\/07\/Foto-1-1.jpg\" alt=\"\" class=\"wp-image-299\" width=\"546\" height=\"306\"\/><figcaption class=\"wp-element-caption\">Ternero cursando enfermedad respiratoria.<\/figcaption><\/figure><\/div>\n\n\n<p>Los s\u00edntomas espec\u00edficos son dificultad respiratoria, los animales adoptan una posici\u00f3n para respirar con el cuello estirado y la boca abierta, salivaci\u00f3n excesiva, tos, corrimiento nasal y ocular. El cuadro cl\u00ednico se puede agravar, ocasionando la muerte en cuesti\u00f3n de una semana.\u00a0 La recuperaci\u00f3n luego del tratamiento nunca es completa, pudiendo haber reca\u00eddas; los animales quedan con secuelas a nivel pulmonar, presentando cuadros de debilidad, mal estado general, son animales con baja conversi\u00f3n y retraso en el desarrollo, generalmente son animales con menor desarrollo con respecto a los compa\u00f1eros del lote.<\/p>\n\n\n\n<div style=\"height:10px\" aria-hidden=\"true\" class=\"wp-block-spacer\"><\/div>\n\n\n\n<p><strong>\u00bfC\u00f3mo se diagn\u00f3stica?<\/strong><\/p>\n\n\n\n<p>El diagnostico a nivel de campo se puede hacer en base a datos de antecedentes sanitarios, historia del lote afectado, teniendo en cuenta factores ambientales, s\u00edntomas cl\u00ednicos, ecograf\u00eda de pulm\u00f3n y necropsia.<\/p>\n\n\n<div class=\"wp-block-image\">\n<figure class=\"alignright size-full is-resized\"><img decoding=\"async\" loading=\"lazy\" src=\"https:\/\/revista.planagro.uy\/wp-content\/uploads\/2024\/07\/Foto-2-1-1.jpg\" alt=\"\" class=\"wp-image-300\" width=\"504\" height=\"283\"\/><figcaption class=\"wp-element-caption\">Foto 2. Pulm\u00f3n de un ternero afectado por Neumon\u00eda.<\/figcaption><\/figure><\/div>\n\n\n<p>En la necropsia las principales lesiones se encuentran localizadas en el aparato respiratorio. Se puede observar a nivel de faringe y tr\u00e1quea, la presencia de secreciones y\/o espuma. En pulmones se presentan lesiones compatibles con cuadros de neumon\u00eda, observ\u00e1ndose secreciones muco purulenta, adherencias, si est\u00e1 afectado por par\u00e1sitos pulmonares pueden encontrarse all\u00ed, y otras lesiones, que afectan el intercambio gaseoso y generan los s\u00edntomas descriptos anteriormente. (Ver fotos 2 ,3 y 4).<\/p>\n\n\n<div class=\"wp-block-image\">\n<figure class=\"alignleft size-full is-resized\"><img decoding=\"async\" loading=\"lazy\" src=\"https:\/\/revista.planagro.uy\/wp-content\/uploads\/2024\/07\/foto-3-1.jpg\" alt=\"\" class=\"wp-image-301\" width=\"398\" height=\"707\"\/><figcaption class=\"wp-element-caption\">Foto 3. Presencia de secreciones mucosas en tr\u00e1quea.<\/figcaption><\/figure><\/div>\n\n<div class=\"wp-block-image\">\n<figure class=\"alignright size-full is-resized\"><img decoding=\"async\" loading=\"lazy\" src=\"https:\/\/revista.planagro.uy\/wp-content\/uploads\/2024\/07\/foto-4-1.jpg\" alt=\"\" class=\"wp-image-302\" width=\"398\" height=\"707\"\/><figcaption class=\"wp-element-caption\">Foto 4. Pulm\u00f3n con lesiones de neumon\u00eda.<\/figcaption><\/figure><\/div>\n\n\n<p><\/p>\n\n\n\n<p>Para confirmar el mismo, se puede apoyar en el laboratorio mediante an\u00e1lisis de sangre, histopatolog\u00eda, an\u00e1lisis microbiol\u00f3gicos, parasitarios y otros ex\u00e1menes.<\/p>\n\n\n\n<div style=\"height:9px\" aria-hidden=\"true\" class=\"wp-block-spacer\"><\/div>\n\n\n\n<p><strong>\u00bfQu\u00e9 impacto productivo tienen?<\/strong><\/p>\n\n\n\n<p>Genera p\u00e9rdidas econ\u00f3micas, que en casos m\u00e1s severos se relacionan con mortandad de animales y cuando la enfermedad tiene un curso m\u00e1s cr\u00f3nico, las p\u00e9rdidas son m\u00e1s a largo plazo como menor eficiencia de conversi\u00f3n y retraso del crecimiento de los animales afectados. Adem\u00e1s de los costos que se generan por los tratamientos, mano de obra y honorarios profesionales.<\/p>\n\n\n\n<div style=\"height:10px\" aria-hidden=\"true\" class=\"wp-block-spacer\"><\/div>\n\n\n\n<p><strong>Tratamiento y prevenci\u00f3n<\/strong><\/p>\n\n\n\n<p>Ante la aparici\u00f3n de animales afectados se debe separar los animales enfermos y dejarlos en un potrero \u00a8confortable\u00a8 con abrigo, dormideros secos, con acceso al agua y pastura de calidad. Los tratamientos a instaurar dependen de los s\u00edntomas cl\u00ednicos, pero en general consisten en hidrataci\u00f3n del animal, administraci\u00f3n de antibi\u00f3ticos, antinflamatorios, antihistam\u00ednicos y antiparasitarios. Si se dispone de an\u00e1lisis microbiol\u00f3gicos se puede llegar a determinar cu\u00e1les son los antibi\u00f3ticos m\u00e1s efectivos para realizar los tratamientos.<\/p>\n\n\n\n<p>El control y prevenci\u00f3n, debe contemplar los factores de riesgo,\u00a0 con el objetivo de, atenuar aquellos factores predisponentes., planificaci\u00f3n y ejecuci\u00f3n de las diferentes pr\u00e1cticas de manejo animal como forma de disminuir el estr\u00e9s, .En sistema de cr\u00eda artificial correcto calostrado del ternero, \u00a0evitar condiciones de hacinamiento, contar con zonas de abrigo y dormideros secos en los potreros, evitar mezclar lotes de animales de diferentes or\u00edgenes, siendo recomendable en estos casos tener potreros de cuarentena para el ingreso de animales externos al predio para poder monitorearlos antes de mezclarlos con otros lotes, etc. \u00a0Se recomienda tener un plansanitario adaptado al sistema productivo del establecimiento, donde se incluya un plan de vacunaci\u00f3n para prevenir las enfermedades respiratorias, por todo lo mencionado es necesario asesorarse con un M\u00e9dico veterinario para tener un abordaje completo de las medidas a implementar en cada establecimiento.<\/p>\n\n\n\n<div style=\"height:11px\" aria-hidden=\"true\" class=\"wp-block-spacer\"><\/div>\n\n\n\n<p><strong>Material consultado<\/strong><\/p>\n\n\n\n<p class=\"has-small-font-size\">Radostits, O y col.1999, Medicina Veterinaria, 9na edici\u00f3n, Ed.McGraw Hill Interamericana. Cap. Enfermedad respiratoria bovina 983-993.<\/p>\n\n\n\n<p class=\"has-small-font-size\">Ode\u00f3n, A. 2018, Enfermedad respiratoria bovina \u00bfQu\u00e9 es posible hacer para su control?.<\/p>\n\n\n\n<p class=\"has-small-font-size\">Timsit, E. 2021, Microbiota del tracto respiratorio del ganado de carne y su rol en la salud respiratoria en XLVIII Jornadas Uruguayas de BUIATR\u00cdA.<\/p>\n\n\n\n<p class=\"has-small-font-size\">Crucci, JM, 2021, Evaluaci\u00f3n de la respuesta al tratamiento de terneras con neumon\u00eda mediante seguimiento cl\u00ednico y ultrasonogr\u00e1fico, Tesis de grado Facultad de veterinaria, UdelaR.<\/p>\n","protected":false},"excerpt":{"rendered":"<p>Dra. Betina C\u00f3ppolaPlan Agropecuario Dr. Agust\u00edn RomeroDilave, Treinta y Tres. En las enfermedades respiratorias en&#8230;<\/p>\n","protected":false},"author":3,"featured_media":299,"comment_status":"open","ping_status":"open","sticky":false,"template":"","format":"standard","meta":[],"categories":[9],"tags":[17],"_links":{"self":[{"href":"https:\/\/revista.planagro.uy\/index.php\/wp-json\/wp\/v2\/posts\/298"}],"collection":[{"href":"https:\/\/revista.planagro.uy\/index.php\/wp-json\/wp\/v2\/posts"}],"about":[{"href":"https:\/\/revista.planagro.uy\/index.php\/wp-json\/wp\/v2\/types\/post"}],"author":[{"embeddable":true,"href":"https:\/\/revista.planagro.uy\/index.php\/wp-json\/wp\/v2\/users\/3"}],"replies":[{"embeddable":true,"href":"https:\/\/revista.planagro.uy\/index.php\/wp-json\/wp\/v2\/comments?post=298"}],"version-history":[{"count":2,"href":"https:\/\/revista.planagro.uy\/index.php\/wp-json\/wp\/v2\/posts\/298\/revisions"}],"predecessor-version":[{"id":402,"href":"https:\/\/revista.planagro.uy\/index.php\/wp-json\/wp\/v2\/posts\/298\/revisions\/402"}],"wp:featuredmedia":[{"embeddable":true,"href":"https:\/\/revista.planagro.uy\/index.php\/wp-json\/wp\/v2\/media\/299"}],"wp:attachment":[{"href":"https:\/\/revista.planagro.uy\/index.php\/wp-json\/wp\/v2\/media?parent=298"}],"wp:term":[{"taxonomy":"category","embeddable":true,"href":"https:\/\/revista.planagro.uy\/index.php\/wp-json\/wp\/v2\/categories?post=298"},{"taxonomy":"post_tag","embeddable":true,"href":"https:\/\/revista.planagro.uy\/index.php\/wp-json\/wp\/v2\/tags?post=298"}],"curies":[{"name":"wp","href":"https:\/\/api.w.org\/{rel}","templated":true}]}}