{"id":135,"date":"2024-03-25T14:50:35","date_gmt":"2024-03-25T14:50:35","guid":{"rendered":"https:\/\/revista.planagro.uy\/?p=135"},"modified":"2024-04-02T13:05:17","modified_gmt":"2024-04-02T13:05:17","slug":"lo-mejor-esta-por-venir","status":"publish","type":"post","link":"https:\/\/revista.planagro.uy\/index.php\/2024\/03\/25\/lo-mejor-esta-por-venir\/","title":{"rendered":"\u201cLo mejor est\u00e1 por venir\u201d"},"content":{"rendered":"\n<p><\/p>\n\n\n\n<p><strong><em>El 9 de abril de 2024 Cooperativas Agrarias Federadas (CAF) celebra sus 40 a\u00f1os de vida institucional. Son cuatro d\u00e9cadas de consolidaci\u00f3n de un sue\u00f1o que vio la luz al final de una etapa oscura de la historia del pa\u00eds y que se nutri\u00f3 de los aportes de inolvidables dirigentes. Su energ\u00eda, determinaci\u00f3n y optimismo inspiran hoy la labor de quienes mantienen encendida la antorcha del cooperativismo agrario.<\/em><\/strong><\/p>\n\n\n\n<p><strong>Hoy, como homenaje a todos quienes han sido parte de esta utop\u00eda vuelta realidad a fuerza de tez\u00f3n y trabajo conjunto, compartimos testimonios de algunos de sus protagonistas. Como dijo uno de ellos, celebramos con los pies en la historia y la mirada en el futuro, porque lo mejor siempre est\u00e1 por venir.<\/strong><\/p>\n\n\n\n<p><strong>Pablo Perdomo, presidente de CAF- \u201cLa consolidaci\u00f3n de un sue\u00f1o\u201d<\/strong><\/p>\n\n\n<div class=\"wp-block-image\">\n<figure class=\"alignleft size-full is-resized\"><img decoding=\"async\" loading=\"lazy\" src=\"https:\/\/revista.planagro.uy\/wp-content\/uploads\/2024\/03\/Pablo-Perdomo.jpg\" alt=\"\" class=\"wp-image-136\" width=\"402\" height=\"268\"\/><\/figure><\/div>\n\n\n<p>Estos 40 a\u00f1os significan la consolidaci\u00f3n de los sue\u00f1os de aquellos que comenzaron este trayecto para fortalecer a las cooperativas agrarias en Uruguay. Juntos, en CAF construimos familia cooperativa, con empresas fortalecidas en el medio rural. Generamos desarrollo social y econ\u00f3mico, cuidando tambi\u00e9n el aspecto ambiental.<\/p>\n\n\n\n<p><\/p>\n\n\n\n<p><\/p>\n\n\n\n<p><strong>Stefan\u00eda Silveyra, vicepresidenta de CAF- \u201c40 a\u00f1os de la historia de una familia\u201d<\/strong><\/p>\n\n\n<div class=\"wp-block-image\">\n<figure class=\"alignright size-full is-resized\"><img decoding=\"async\" loading=\"lazy\" src=\"https:\/\/revista.planagro.uy\/wp-content\/uploads\/2024\/03\/Stefania-Silveyra.jpg\" alt=\"\" class=\"wp-image-137\" width=\"407\" height=\"271\"\/><\/figure><\/div>\n\n\n<p>En abril, celebramos los 40 a\u00f1os de una familia que comparte valores y que ha buscado construir herramientas para que todos sus miembros puedan seguir creciendo. En CAF tenemos cooperativas socias que atraviesan procesos muy distintos: algunas son j\u00f3venes y otras experientes, pero todas comparten un mismo rumbo, que es el desarrollo sostenible.<\/p>\n\n\n\n<p>Juntos, en CAF construimos desarrollo local, pensado directamente desde los productores, ellos creciendo dentro de sus predios y haciendo crecer a las cooperativas. CAF ha demostrado que existe la sinergia y que, cuando el norte est\u00e1 claro, crecemos juntos.<\/p>\n\n\n\n<p><\/p>\n\n\n\n<p><strong>Guillermo Fern\u00e1ndez, presidente de CALIMA- \u201cCAF y el constante apoyo para las cooperativas socias\u201d<\/strong><\/p>\n\n\n<div class=\"wp-block-image\">\n<figure class=\"alignleft size-full is-resized\"><img decoding=\"async\" loading=\"lazy\" src=\"https:\/\/revista.planagro.uy\/wp-content\/uploads\/2024\/03\/GUILLERMO-FERNANDEZ.jpg\" alt=\"\" class=\"wp-image-138\" width=\"428\" height=\"321\"\/><\/figure><\/div>\n\n\n<p>Estos 40 a\u00f1os significan la generaci\u00f3n de un v\u00ednculo estrecho y un aporte permanente entre las cooperativas agrarias y CAF, lo cual nos genera una gran felicidad. Junto a CAF las cooperativas construyen un v\u00ednculo institucional con el gobierno y los organismos de inter\u00e9s, que nos permite incidir y contribuir en la generaci\u00f3n de pol\u00edticas p\u00fablicas.<\/p>\n\n\n\n<p><\/p>\n\n\n\n<p><\/p>\n\n\n\n<p><\/p>\n\n\n\n<p><strong>Juan Carlos Canessa, directivo de CAF \u2013 \u201cUn trabajo integral\u201d<\/strong><\/p>\n\n\n<div class=\"wp-block-image\">\n<figure class=\"alignright size-full is-resized\"><img decoding=\"async\" loading=\"lazy\" src=\"https:\/\/revista.planagro.uy\/wp-content\/uploads\/2024\/03\/Juan-Carlos-Canessa.jpg\" alt=\"\" class=\"wp-image-139\" width=\"409\" height=\"273\"\/><\/figure><\/div>\n\n\n<p>Las cooperativas agrarias hemos tenido un crecimiento muy importante gracias a CAF. Es muy significativo tener un lugar a donde recurrir cuando tenemos dificultades para intercambiar informaci\u00f3n y experiencias.<\/p>\n\n\n\n<p>La Federaci\u00f3n hace un trabajo muy integral. Juntos, en CAF construimos desarrollo y actualizaci\u00f3n, lo cual es clave en estos tiempos. Personalmente, ha sido muy importante acompa\u00f1ar la evoluci\u00f3n de CAF, me ha permitido aprender y aportar.<\/p>\n\n\n\n<p><\/p>\n\n\n\n<p><strong>Fernando Bide, secretario Consejo Directivo CAF- \u201cLa conciencia de que juntos, es mejor\u201d<\/strong><\/p>\n\n\n<div class=\"wp-block-image\">\n<figure class=\"alignleft size-full is-resized\"><img decoding=\"async\" loading=\"lazy\" src=\"https:\/\/revista.planagro.uy\/wp-content\/uploads\/2024\/03\/Fernando-Bide.jpg\" alt=\"\" class=\"wp-image-140\" width=\"412\" height=\"274\"\/><\/figure><\/div>\n\n\n<p>Los 40 a\u00f1os de CAF condensan el esfuerzo y el aporte de mucha gente, a las que une el gusto por tomar decisiones y llevar proyectos adelante, de forma colectiva.<\/p>\n\n\n\n<p>Juntos en CAF construimos cooperativismo, v\u00ednculos, generaci\u00f3n de conocimiento y conciencia: conciencia agropecuaria y conciencia de que las decisiones tomadas en conjunto son siempre mejores.<\/p>\n\n\n\n<p><\/p>\n\n\n\n<p><\/p>\n\n\n\n<p><strong>Aparicio Hirschy, tesorero de CAF- \u201cUna trayectoria fecunda\u201d<\/strong><\/p>\n\n\n<div class=\"wp-block-image\">\n<figure class=\"alignright size-full is-resized\"><img decoding=\"async\" loading=\"lazy\" src=\"https:\/\/revista.planagro.uy\/wp-content\/uploads\/2024\/03\/Aparicio-Hirschy.jpg\" alt=\"\" class=\"wp-image-141\" width=\"411\" height=\"274\"\/><\/figure><\/div>\n\n\n<p>Estos 40 a\u00f1os significan una trayectoria muy fecunda, que ha tenido a\u00f1os muy buenos y tambi\u00e9n de los otros, y que tendr\u00eda que servir para proyectar el cooperativismo agrario hacia adelante. Tenemos que ser una herramienta fundamental para las cooperativas agrarias. Juntos, en CAF construimos un futuro muy importante.<\/p>\n\n\n\n<p><\/p>\n\n\n\n<p><\/p>\n\n\n\n<p><strong>M\u00f3nica Segovia, secretaria de CAF \u2013 \u201cUna red que nos abarca, conecta y expande\u201d<\/strong><\/p>\n\n\n\n<p>El 40\u00aa aniversario de CAF refleja su trayectoria, durante la cual se ha posicionado como una herramienta articuladora para el desarrollo productivo y social. CAF se ha convertido en un nexo de las cooperativas agrarias con los organismos nacionales e internacionales en pos del desarrollo productivo del pa\u00eds.<\/p>\n\n\n<div class=\"wp-block-image\">\n<figure class=\"alignleft size-full is-resized\"><img decoding=\"async\" loading=\"lazy\" src=\"https:\/\/revista.planagro.uy\/wp-content\/uploads\/2024\/03\/Monica-Segovia.jpg\" alt=\"\" class=\"wp-image-142\" width=\"384\" height=\"256\"\/><\/figure><\/div>\n\n\n<p>Juntos, construimos una red que nos abarca, conecta y expande. En la Federaci\u00f3n hay lugar para todas las cooperativas agrarias, desde las pioneras que tienen m\u00e1s de 100 a\u00f1os y en algunas de las cuales a\u00fan sigue viva la producci\u00f3n artesanal, hasta las que aplican las \u00faltimas tecnolog\u00edas de cara al futuro. Bridemos por seguir transitando este camino, basados siempre en los valores y principios cooperativos.<\/p>\n\n\n\n<p><\/p>\n\n\n\n<p><strong>Pablo Waksman, delegado institucional de CAF \u2013 \u201cJuntos hacia una mejor ruralidad\u201d<\/strong><\/p>\n\n\n<div class=\"wp-block-image\">\n<figure class=\"alignright size-full is-resized\"><img decoding=\"async\" loading=\"lazy\" src=\"https:\/\/revista.planagro.uy\/wp-content\/uploads\/2024\/03\/Pablo-Waksman.jpg\" alt=\"\" class=\"wp-image-143\" width=\"365\" height=\"331\"\/><\/figure><\/div>\n\n\n<p>Para una instituci\u00f3n, 40 a\u00f1os es mucho tiempo. En lo personal, estas cuatro d\u00e9cadas significan muchos recuerdos, amigos, vivencias e innumerables granitos de arena que se han ido sumando en la construcci\u00f3n de un mayor bienestar para el productor rural y su familia.<\/p>\n\n\n\n<p>Juntos en CAF construimos una mejor ruralidad desde el punto de vista social, ambiental y obviamente productivo. Logra poner en juego una globalidad de enfoques buscando que trabajemos mancomunados hacia el objetivo de tener mejores condiciones de vida para los productores rurales.<\/p>\n\n\n\n<p><\/p>\n\n\n\n<p><strong>\u00c1lvaro Ambrois, ex presidente de CONAPROLE- \u201cUna herramienta fundamental para el sector\u201d<\/strong><\/p>\n\n\n<div class=\"wp-block-image\">\n<figure class=\"alignleft size-full is-resized\"><img decoding=\"async\" loading=\"lazy\" src=\"https:\/\/revista.planagro.uy\/wp-content\/uploads\/2024\/03\/Alvaro-Ambrois.jpg\" alt=\"\" class=\"wp-image-144\" width=\"433\" height=\"287\"\/><\/figure><\/div>\n\n\n<p>Es una alegr\u00eda enorme celebrar este aniversario, porque CAF es una herramienta fundamental para el desarrollo del sector primario. Congrega a cooperativas de distintos rubros y escala, para construir riqueza para el pa\u00eds. Juntas, las cooperativas no solo contribuyen al crecimiento econ\u00f3mico, sino tambi\u00e9n a la transmisi\u00f3n de principios y valores fundamentales que le hacen muy bien a la sociedad en su conjunto.<\/p>\n\n\n\n<p><\/p>\n\n\n\n<p><strong>Alberto Bozzo, directivo de CAF- \u201cLo mejor est\u00e1 por venir\u201d<\/strong><\/p>\n\n\n<div class=\"wp-block-image\">\n<figure class=\"alignright size-full is-resized\"><img decoding=\"async\" loading=\"lazy\" src=\"https:\/\/revista.planagro.uy\/wp-content\/uploads\/2024\/03\/Alberto-Bozzo.jpg\" alt=\"\" class=\"wp-image-145\" width=\"394\" height=\"296\"\/><\/figure><\/div>\n\n\n<p>Celebramos este aniversario con una gran alegr\u00eda. En los \u00faltimos a\u00f1os, CAF se ha fortalecido y se ha potenciado a tal nivel que hoy es una referencia no solo a nivel de las gremiales, sino a nivel de la clase pol\u00edtica.<\/p>\n\n\n\n<p>Juntos, en la Federaci\u00f3n construimos una mejor sociedad, que beneficia a las cooperativas socias y que mejora la calidad de vida de los m\u00e1s de 10.000 productores que la integran. Felicitaciones para CAF, estoy seguro que lo mejor est\u00e1 por venir.<\/p>\n\n\n\n<p><\/p>\n\n\n\n<p><strong>Math\u00edas Mailhos, ex Presidente de COPAGRAN- \u201cJuntos, en CAF construimos COPAGRAN\u201d<\/strong><\/p>\n\n\n<div class=\"wp-block-image\">\n<figure class=\"alignleft size-full is-resized\"><img decoding=\"async\" loading=\"lazy\" src=\"https:\/\/revista.planagro.uy\/wp-content\/uploads\/2024\/03\/Mathias-Mailhos.jpg\" alt=\"\" class=\"wp-image-146\" width=\"412\" height=\"412\"\/><\/figure><\/div>\n\n\n<p>Estos 40 a\u00f1os significan el crecimiento ininterrumpido de una gremial que se construy\u00f3 para representar a las cooperativas agrarias primarias y secundarias y que ha logrado convertirse en un referente para ellas y los productores cooperativistas.<\/p>\n\n\n\n<p>Juntos, en CAF construimos COPAGRAN. All\u00e1 por fines de la d\u00e9cada de 1990, en algunos encuentros de CAF, empezamos a intercambiar sobre la posibilidad de unirnos entre cooperativas que enfrent\u00e1bamos distintas problem\u00e1ticas. Trajimos a Michael Cook, profesor de la Universidad de Missouri y as\u00ed empez\u00f3 a crecer la semillita de la construcci\u00f3n de COPAGRAN.<\/p>\n\n\n\n<p>A lo largo de estos a\u00f1os, desde COPAGRAN tambi\u00e9n hemos aportado ideas y l\u00edderes a CAF, con lo cual se trata de una simbiosis de mutuo beneficio. Hoy para COPAGRAN es impensable no estar en CAF o que CAF no exista.<\/p>\n\n\n\n<p><\/p>\n\n\n\n<p><strong>Alejandro Nin, directivo de CAF \u2013 \u201cUn camino de construcci\u00f3n permanente\u201d<\/strong><\/p>\n\n\n\n<p>Los 40 a\u00f1os de CAF significan un moj\u00f3n de un largo camino recorrido desde fines de la d\u00e9cada de los 70, pr\u00e1cticamente coincidiendo con el retorno democr\u00e1tico de Uruguay. Por su poder de convocatoria, CAF fue capaz de convocar a todos los partidos de gobierno para dialogar sobre las problem\u00e1ticas del cooperativismo agrario.<\/p>\n\n\n<div class=\"wp-block-image\">\n<figure class=\"alignright size-full is-resized\"><img decoding=\"async\" loading=\"lazy\" src=\"https:\/\/revista.planagro.uy\/wp-content\/uploads\/2024\/03\/Alejandro-Nin.jpg\" alt=\"\" class=\"wp-image-147\" width=\"466\" height=\"311\"\/><\/figure><\/div>\n\n\n<p>Por su trabajo serio y sus propuestas con fundamento, ha logrado posicionarse muy bien, nucleando a los mejores dirigentes del cooperativismo agrario del pa\u00eds. Los 40 a\u00f1os significan un camino de construcci\u00f3n colectiva permanente.<\/p>\n\n\n\n<p>Juntos en CAF construimos una inmensa red territorial de cooperativas agrarias que contribuyen en la mejora continua de la producci\u00f3n agropecuaria, atendiendo a aspectos claves como lo es el cuidado ambiental. El desaf\u00edo es, a futuro, seguir contribuyendo a la sociedad con desarrollo, equidad, conducci\u00f3n democr\u00e1tica y trabajo de excelencia.<\/p>\n\n\n\n<p><\/p>\n\n\n\n<p><strong>Mario Fern\u00e1ndez, ex directivo de CAF- \u201cCAF, una revoluci\u00f3n en el cooperativismo agrario\u201d<\/strong><\/p>\n\n\n\n<p>En 1984 se produjo una revoluci\u00f3n en el movimiento cooperativo agrario. Fue el hecho de que las cooperativas agrarias encontraran una forma de agruparse en un solo organismo, representativo y defensor de los valores cooperativos, con el fin de llevar adelante un proyecto innovador para el pa\u00eds.<\/p>\n\n\n<div class=\"wp-block-image\">\n<figure class=\"alignleft size-full is-resized\"><img decoding=\"async\" loading=\"lazy\" src=\"https:\/\/revista.planagro.uy\/wp-content\/uploads\/2024\/03\/Mario-Fernandez.jpg\" alt=\"\" class=\"wp-image-148\" width=\"405\" height=\"270\"\/><\/figure><\/div>\n\n\n<p>Uruguay fue de los primeros pa\u00edses que logr\u00f3 tener una sola organizaci\u00f3n del movimiento cooperativo agrario. Fue un momento hist\u00f3rico muy particular, sal\u00edamos de una etapa oscura y hab\u00eda un ansia de llevar adelante nuevas iniciativas, para lo cual fue fundamental el elenco dirigente que hab\u00eda en ese momento, que ten\u00edan la cabeza abierta a nuevas ideas que permitieron el crecimiento del movimiento cooperativo.<\/p>\n\n\n\n<p>Juntos, en CAF contribuimos a construir una sociedad mejor. El movimiento cooperativo rural es un referente para muchos aspectos de la vida agraria del pa\u00eds, es el gran transmisor de tecnolog\u00edas, es el gran formador de t\u00e9cnicos en el \u00e1rea agr\u00edcola y sin duda es el gran productor de alimentos. El desaf\u00edo es seguir siempre transitando este camino, fieles a nuestros principios y valores cooperativos.<\/p>\n","protected":false},"excerpt":{"rendered":"<p>El 9 de abril de 2024 Cooperativas Agrarias Federadas (CAF) celebra sus 40 a\u00f1os de&#8230;<\/p>\n","protected":false},"author":3,"featured_media":0,"comment_status":"open","ping_status":"open","sticky":false,"template":"","format":"standard","meta":[],"categories":[11],"tags":[6],"_links":{"self":[{"href":"https:\/\/revista.planagro.uy\/index.php\/wp-json\/wp\/v2\/posts\/135"}],"collection":[{"href":"https:\/\/revista.planagro.uy\/index.php\/wp-json\/wp\/v2\/posts"}],"about":[{"href":"https:\/\/revista.planagro.uy\/index.php\/wp-json\/wp\/v2\/types\/post"}],"author":[{"embeddable":true,"href":"https:\/\/revista.planagro.uy\/index.php\/wp-json\/wp\/v2\/users\/3"}],"replies":[{"embeddable":true,"href":"https:\/\/revista.planagro.uy\/index.php\/wp-json\/wp\/v2\/comments?post=135"}],"version-history":[{"count":2,"href":"https:\/\/revista.planagro.uy\/index.php\/wp-json\/wp\/v2\/posts\/135\/revisions"}],"predecessor-version":[{"id":151,"href":"https:\/\/revista.planagro.uy\/index.php\/wp-json\/wp\/v2\/posts\/135\/revisions\/151"}],"wp:attachment":[{"href":"https:\/\/revista.planagro.uy\/index.php\/wp-json\/wp\/v2\/media?parent=135"}],"wp:term":[{"taxonomy":"category","embeddable":true,"href":"https:\/\/revista.planagro.uy\/index.php\/wp-json\/wp\/v2\/categories?post=135"},{"taxonomy":"post_tag","embeddable":true,"href":"https:\/\/revista.planagro.uy\/index.php\/wp-json\/wp\/v2\/tags?post=135"}],"curies":[{"name":"wp","href":"https:\/\/api.w.org\/{rel}","templated":true}]}}