{"id":110,"date":"2024-03-25T13:08:13","date_gmt":"2024-03-25T13:08:13","guid":{"rendered":"https:\/\/revista.planagro.uy\/?p=110"},"modified":"2024-04-02T19:00:20","modified_gmt":"2024-04-02T19:00:20","slug":"ficha-alpistillo-de-campo","status":"publish","type":"post","link":"https:\/\/revista.planagro.uy\/index.php\/2024\/03\/25\/ficha-alpistillo-de-campo\/","title":{"rendered":"Ficha: Alpistillo de campo"},"content":{"rendered":"\n<p>Ing. Agr. Marcelo Pereira Mach\u00edn<\/p>\n\n\n\n<p>Plan Agropecuario<\/p>\n\n\n\n<figure class=\"wp-block-image size-full\"><img decoding=\"async\" loading=\"lazy\" width=\"1307\" height=\"737\" src=\"https:\/\/revista.planagro.uy\/wp-content\/uploads\/2024\/03\/alpistillo.jpg\" alt=\"\" class=\"wp-image-111\"\/><figcaption class=\"wp-element-caption\">Inflorescencia de <em>Phalaris platensis.<\/em><\/figcaption><\/figure>\n\n\n\n<p class=\"has-text-align-left\"><strong>Nombre com\u00fan<\/strong><\/p>\n\n\n\n<p class=\"has-text-align-left\">Alpistillo de campo, debido a su parecido con el alpiste.<\/p>\n\n\n\n<p><\/p>\n\n\n\n<p><strong>Nombre cient\u00edfico<\/strong><\/p>\n\n\n\n<p><em>Phalaris platensis<\/em> Henrard ex Wacht.<\/p>\n\n\n\n<p><\/p>\n\n\n\n<p><strong>Sin\u00f3nimos<\/strong><\/p>\n\n\n\n<p><em>Phalaris intermedia <\/em>Bosc ex Poir. var. <em>platensis<\/em>, <em>Phalaris intermedia<\/em> Bosc ex Poir. f. <em>platensis<\/em>, <em>Phalaris platensis<\/em> (Arechav.) Parodi ex Valencia, nom. illeg., <em>Phalaris arechavaletae <\/em>Herter, nom. superfl.,<\/p>\n\n\n\n<p><\/p>\n\n\n\n<p><strong>Etimolog\u00eda (significado e historia del nombre)<\/strong><\/p>\n\n\n\n<p>Del griego, phalaros, focha, ave que tiene una mancha blanca en la cabeza. El falaris de los griegos era un grano encerrado en escamas blancas que se asemejan as\u00ed al escudo frontal blanco de la cabeza de una focha (<em>Fulica atra<\/em>); <em>platensis<\/em> del lat\u00edn, originario de la cercan\u00edas del R\u00edo de la Plata.<\/p>\n\n\n\n<p><\/p>\n\n\n\n<p><strong>Algunas caracter\u00edsticas<\/strong><\/p>\n\n\n\n<p>Planta tierna, enana, de ciclo anual invernal. Semilla en el mes diciembre.<\/p>\n\n\n\n<p>Tiene baja productividad y tiene apetecibilidad prolongada.<\/p>\n\n\n\n<p><\/p>\n\n\n\n<p><strong>Algunas caracter\u00edsticas para su reconocimiento<\/strong><\/p>\n\n\n\n<p>Pose\u00e9 una macolla rolliza o poco comprimida, hojas glabras (sin pelos), con pruina muy azulada (recubrimiento parecido a la cera). Vaina con las heridas te\u00f1idas de rojo en la parte basal de las hojas j\u00f3venes inferiores. L\u00e1minas planas con nervadura media finamente engrosada de 5 a 10 cm de longitud por 3 a 9 mm de ancho. L\u00edgula aguda a obtusa de 4 mm de alto. Inflorescencia, panoja cil\u00edndrica, de 2,5-8 cm x 6-7 mm. Campestre, habita campos variados. Pasto indicador de pastizales densos de la cuesta bas\u00e1ltica.<\/p>\n\n\n\n<p><\/p>\n\n\n\n<p><strong>Material consultado:<\/strong><\/p>\n\n\n\n<p class=\"has-small-font-size\">Clifford, H., Bostock, D. 2007.Etymological&nbsp; Dictionary of Grasses. Springer. Flora Argentina y del Cono Sur. Acceso: 29 de enero de 2024. <a href=\"https:\/\/buscador.floraargentina.edu.ar\/species\/details\/23063\">https:\/\/buscador.floraargentina.edu.ar\/species\/details\/23063<\/a><\/p>\n\n\n\n<p class=\"has-small-font-size\">Rosengurtt B. 1946. Estudios sobre praderas naturales del Uruguay. Quinta contribuci\u00f3n.<\/p>\n\n\n\n<p class=\"has-small-font-size\">Rosengurtt B., Arrillaga B., Sierra de Soriano B. 1960. Caracteres vegetativos y forrajeros de 175 gram\u00edneas del Uruguay. Revista de la Facultad de Agronom\u00eda. Universidad de la Rep\u00fablica.<\/p>\n\n\n\n<p class=\"has-small-font-size\">Fotograf\u00edas: Gonz\u00e1lez Andr\u00e9s. Fotos de Flora nativa y adventicias de Uruguay. Acceso: 29 de enero de 2024. <a href=\"https:\/\/floranativadeuruguay.blogspot.com\/2012\/02\/phalaris-platensis-poaceae.html\">https:\/\/floranativadeuruguay.blogspot.com\/2012\/02\/phalaris-platensis-poaceae.html<\/a><\/p>\n\n\n\n<p><\/p>\n","protected":false},"excerpt":{"rendered":"<p>Ing. Agr. Marcelo Pereira Mach\u00edn Plan Agropecuario Nombre com\u00fan Alpistillo de campo, debido a su&#8230;<\/p>\n","protected":false},"author":3,"featured_media":112,"comment_status":"open","ping_status":"open","sticky":false,"template":"","format":"standard","meta":[],"categories":[4],"tags":[6],"_links":{"self":[{"href":"https:\/\/revista.planagro.uy\/index.php\/wp-json\/wp\/v2\/posts\/110"}],"collection":[{"href":"https:\/\/revista.planagro.uy\/index.php\/wp-json\/wp\/v2\/posts"}],"about":[{"href":"https:\/\/revista.planagro.uy\/index.php\/wp-json\/wp\/v2\/types\/post"}],"author":[{"embeddable":true,"href":"https:\/\/revista.planagro.uy\/index.php\/wp-json\/wp\/v2\/users\/3"}],"replies":[{"embeddable":true,"href":"https:\/\/revista.planagro.uy\/index.php\/wp-json\/wp\/v2\/comments?post=110"}],"version-history":[{"count":4,"href":"https:\/\/revista.planagro.uy\/index.php\/wp-json\/wp\/v2\/posts\/110\/revisions"}],"predecessor-version":[{"id":221,"href":"https:\/\/revista.planagro.uy\/index.php\/wp-json\/wp\/v2\/posts\/110\/revisions\/221"}],"wp:featuredmedia":[{"embeddable":true,"href":"https:\/\/revista.planagro.uy\/index.php\/wp-json\/wp\/v2\/media\/112"}],"wp:attachment":[{"href":"https:\/\/revista.planagro.uy\/index.php\/wp-json\/wp\/v2\/media?parent=110"}],"wp:term":[{"taxonomy":"category","embeddable":true,"href":"https:\/\/revista.planagro.uy\/index.php\/wp-json\/wp\/v2\/categories?post=110"},{"taxonomy":"post_tag","embeddable":true,"href":"https:\/\/revista.planagro.uy\/index.php\/wp-json\/wp\/v2\/tags?post=110"}],"curies":[{"name":"wp","href":"https:\/\/api.w.org\/{rel}","templated":true}]}}